{"id":2899,"date":"2026-03-05T12:47:00","date_gmt":"2026-03-05T12:47:00","guid":{"rendered":"https:\/\/elconsentimiento.com\/blog\/?p=2899"},"modified":"2026-03-05T12:47:03","modified_gmt":"2026-03-05T12:47:03","slug":"la-decision-que-cambio-una-vida-una-historia-que-obligo-a-ecuador-a-mirar-de-frente-al-consentimiento-informado","status":"publish","type":"post","link":"https:\/\/elconsentimiento.com\/blog\/2026\/03\/05\/la-decision-que-cambio-una-vida-una-historia-que-obligo-a-ecuador-a-mirar-de-frente-al-consentimiento-informado\/","title":{"rendered":"La decisi\u00f3n que cambi\u00f3\u00a0una\u00a0vida: una historia que oblig\u00f3 a Ecuador a mirar de frente\u00a0al consentimiento informado\u00a0"},"content":{"rendered":"\n<p class=\"has-medium-font-size\">En julio de 2020, en medio de la incertidumbre de la pandemia y en un pa\u00eds que no era el suyo, una adolescente venezolana ingres\u00f3 sola al Hospital General Universitario de Guayaquil para dar a luz.&nbsp;&nbsp;<\/p>\n\n\n\n<p class=\"has-medium-font-size\">Ten\u00eda 17 a\u00f1os. Estaba lejos de su familia y cargaba sobre s\u00ed la triple condici\u00f3n de ser mujer, migrante y menor de edad. No imaginaba que&nbsp;adem\u00e1s del nacimiento de su hija, vivir\u00eda un episodio que transformar\u00eda la jurisprudencia ecuatoriana en materia de consentimiento informado.&nbsp;<\/p>\n\n\n\n<p class=\"has-medium-font-size\">Su caso, resuelto en mayo de 2025 por la Corte Constitucional del Ecuador, no es solo una sentencia. Es una advertencia profunda sobre los riesgos de&nbsp;desinformaci\u00f3n, prejuicios y medicalizaci\u00f3n coercitiva.&nbsp;Adem\u00e1s,&nbsp;es una&nbsp;llamada urgente a garantizar que el consentimiento informado deje de ser un formulario firmado bajo presi\u00f3n para convertirse en un verdadero ejercicio de autonom\u00eda.&nbsp;<\/p>\n\n\n\n<p class=\"has-medium-font-size\"><strong>La madrugada que cambi\u00f3 un destino<\/strong>&nbsp;<\/p>\n\n\n\n<p class=\"has-medium-font-size\">La gestante&nbsp;ingres\u00f3 por emergencia con 38 semanas de embarazo. Sab\u00eda que deb\u00edan&nbsp;de&nbsp;realizarle una ces\u00e1rea \u2014no era su primer embarazo y ya hab\u00eda tenido preeclampsia\u2014, pero no sab\u00eda que esa cirug\u00eda vendr\u00eda acompa\u00f1ada de una decisi\u00f3n irreversible: una&nbsp;<strong>ligadura tub\u00e1rica<\/strong>.&nbsp;<\/p>\n\n\n\n<p class=\"has-medium-font-size\">Seg\u00fan su testimonio;&nbsp;<em>\u201cCuando ya estaba anestesiada, abierta y a punto de que naciera mi hija, el m\u00e9dico me dijo que si volv\u00eda a embarazarme me pod\u00eda morir, que era mejor ligarme. Me dieron un papel y firm\u00e9 porque me dijeron que me iba a morir. No pude leer nada\u201d.<\/em>&nbsp;<\/p>\n\n\n\n<p class=\"has-medium-font-size\">La Corte observ\u00f3 que la decisi\u00f3n no fue previa, no fue aut\u00f3noma, no fue informada y, sobre todo,&nbsp;<strong>no fue libre<\/strong>.&nbsp;&nbsp;<\/p>\n\n\n\n<ul class=\"wp-block-list has-medium-font-size\">\n<li>No exist\u00eda una emergencia m\u00e9dica que justificara la ligadura&nbsp;<\/li>\n<\/ul>\n\n\n\n<ul class=\"wp-block-list has-medium-font-size\">\n<li>No se explicaron alternativas&nbsp;<\/li>\n<\/ul>\n\n\n\n<ul class=\"wp-block-list has-medium-font-size\">\n<li>Y la adolescente&nbsp;se encontraba&nbsp;en un estado de vulnerabilidad extrema&nbsp;<\/li>\n<\/ul>\n\n\n\n<p class=\"has-medium-font-size\">Adem\u00e1s, el hospital solicit\u00f3 la firma de la madre de su pareja \u2014que no era representante legal\u2014 con el \u00fanico prop\u00f3sito de \u201cdescargar responsabilidad\u201d.&nbsp;<\/p>\n\n\n\n<p class=\"has-medium-font-size\">El resultado es&nbsp;una esterilizaci\u00f3n permanente en una menor de edad&nbsp;sin informaci\u00f3n suficiente y en un pa\u00eds donde la planificaci\u00f3n familiar en adolescentes exige asesor\u00eda reforzada.&nbsp;<\/p>\n\n\n\n<p class=\"has-medium-font-size\">Tras la ces\u00e1rea,&nbsp;la paciente&nbsp;fue dada de alta el 16 de julio. Sin embargo, el hospital&nbsp;no le permiti\u00f3 salir.&nbsp;Durante seis d\u00edas fue retenida en el&nbsp;hospital&nbsp;mientras, seg\u00fan el personal, intentaban&nbsp;contactar con&nbsp;un familiar \u201cdirecto\u201d o activar a DINAPEN, debido a su condici\u00f3n migratoria y&nbsp;que era&nbsp;menor de edad.&nbsp;<\/p>\n\n\n\n<p class=\"has-medium-font-size\">Seg\u00fan&nbsp;refiri\u00f3&nbsp;la adolescente, el trato durante esos d\u00edas deterior\u00f3 gravemente su estabilidad emocional:&nbsp;<\/p>\n\n\n\n<ul class=\"wp-block-list has-medium-font-size\">\n<li>Le dijeron que no estaba apta para cuidar a su hija&nbsp;<\/li>\n<\/ul>\n\n\n\n<ul class=\"wp-block-list has-medium-font-size\">\n<li>Le advirtieron que el Estado se quedar\u00eda con la beb\u00e9&nbsp;<\/li>\n<\/ul>\n\n\n\n<ul class=\"wp-block-list has-medium-font-size\">\n<li>Amenazaron a su pareja con denunciarlo por su edad&nbsp;<\/li>\n<\/ul>\n\n\n\n<ul class=\"wp-block-list has-medium-font-size\">\n<li>Y&nbsp;no le permitieron que familiares o su abogada ingresaran a verla, pese a que s\u00ed permit\u00edan la entrada de su pareja seg\u00fan otros testimonios&nbsp;<\/li>\n<\/ul>\n\n\n\n<p class=\"has-medium-font-size\">Todo esto&nbsp;sin un registro cl\u00ednico adecuado, sin evaluaci\u00f3n psicol\u00f3gica y sin medidas de contenci\u00f3n emocional para una madre adolescente en pleno posparto.&nbsp;<\/p>\n\n\n\n<p class=\"has-medium-font-size\">Para la Corte, estas conductas constituyeron violencia psicol\u00f3gica y un trato discriminatorio basado en edad, g\u00e9nero, nacionalidad y situaci\u00f3n migratoria.&nbsp;<\/p>\n\n\n\n<p class=\"has-medium-font-size\">El hospital, por su parte,&nbsp;intent\u00f3 justificar la retenci\u00f3n aplicando un \u201cprotocolo\u201d para adolescentes en riesgo. Pero la Corte fue tajante:&nbsp;<\/p>\n\n\n\n<ul class=\"wp-block-list has-medium-font-size\">\n<li>Ese supuesto&nbsp;protocolo no pod\u00eda usarse de manera autom\u00e1tica&nbsp;<\/li>\n<\/ul>\n\n\n\n<ul class=\"wp-block-list has-medium-font-size\">\n<li>No&nbsp;correspond\u00eda al contexto particular de&nbsp;la paciente&nbsp;(que conviv\u00eda con su pareja y suegra desde hac\u00eda a\u00f1os)&nbsp;<\/li>\n<\/ul>\n\n\n\n<ul class=\"wp-block-list has-medium-font-size\">\n<li>Se&nbsp;ignor\u00f3 su inter\u00e9s superior como adolescente&nbsp;<\/li>\n<\/ul>\n\n\n\n<ul class=\"wp-block-list has-medium-font-size\">\n<li>Y&nbsp;gener\u00f3 una discriminaci\u00f3n indirecta al tratarla como sospechosa o desaparecida solo por ser migrante&nbsp;<\/li>\n<\/ul>\n\n\n\n<p class=\"has-medium-font-size\">El resultado fue una dilaci\u00f3n injustificada de su libertad y del contacto con su familia, en plena pandemia.&nbsp;<\/p>\n\n\n\n<p class=\"has-medium-font-size\">Ante esta tesitura y como hechos probados, la<strong>&nbsp;<\/strong>Corte Constitucional declar\u00f3 que el hospital&nbsp;vulner\u00f3:&nbsp;<\/p>\n\n\n\n<ul class=\"wp-block-list has-medium-font-size\">\n<li>El&nbsp;derecho a tomar decisiones&nbsp;<em>libres, informadas y voluntarias<\/em>&nbsp;sobre su salud sexual y reproductiva&nbsp;<\/li>\n<\/ul>\n\n\n\n<ul class=\"wp-block-list has-medium-font-size\">\n<li>Su&nbsp;derecho a la integridad f\u00edsica y psicol\u00f3gica&nbsp;<\/li>\n<\/ul>\n\n\n\n<ul class=\"wp-block-list has-medium-font-size\">\n<li>Su&nbsp;derecho a la igualdad y a la no discriminaci\u00f3n&nbsp;<\/li>\n<\/ul>\n\n\n\n<p class=\"has-medium-font-size\">Concluyendo&nbsp;que todo el conjunto de conductas \u2014la esterilizaci\u00f3n, la desinformaci\u00f3n, la coerci\u00f3n, la retenci\u00f3n, el aislamiento y los tratos psicol\u00f3gicos\u2014 constituy\u00f3&nbsp;lo que hoy se denomina&nbsp;violencia obst\u00e9trica en sus dimensiones f\u00edsica, psicol\u00f3gica y estructural, reprochando a su vez&nbsp;a&nbsp;los jueces de instancia no aplicar&nbsp;el&nbsp;enfoque de g\u00e9nero ni interseccionalidad y por haber avalado las actuaciones del hospital sin considerar la vulnerabilidad extrema del caso.&nbsp;<\/p>\n\n\n\n<p class=\"has-medium-font-size\"><strong>Una sentencia para recordar y aplicar<\/strong>&nbsp;<\/p>\n\n\n\n<p class=\"has-medium-font-size\">El caso de&nbsp;esta paciente&nbsp;ya forma parte de la jurisprudencia vinculante ecuatoriana. No solo reconoce la violencia que sufri\u00f3 una adolescente, sino que expone con claridad c\u00f3mo se reproducen las desigualdades de g\u00e9nero, edad y migraci\u00f3n dentro del sistema de salud.&nbsp;<\/p>\n\n\n\n<p class=\"has-medium-font-size\">Es un recordatorio de que el consentimiento informado es mucho m\u00e1s que una firma. Es un derecho que, cuando se vulnera, puede marcar un destino que nadie eligi\u00f3.&nbsp;<\/p>\n\n\n\n<p class=\"has-medium-font-size\">Y tambi\u00e9n es un mensaje para profesionales de&nbsp;la&nbsp;salud, operadores jur\u00eddicos y pol\u00edticas p\u00fablicas:&nbsp;l<strong>a dignidad, la autonom\u00eda y el respeto deben ser la base de cualquier atenci\u00f3n obst\u00e9trica.<\/strong>&nbsp;<\/p>\n","protected":false},"excerpt":{"rendered":"<p>En julio de 2020, en medio de la incertidumbre de la pandemia y en un pa\u00eds que no era el suyo, una adolescente venezolana ingres\u00f3 sola<span class=\"excerpt-hellip\"> [\u2026]<\/span><\/p>\n","protected":false},"author":7,"featured_media":2904,"comment_status":"open","ping_status":"open","sticky":false,"template":"","format":"standard","meta":{"footnotes":""},"categories":[40,110,88],"tags":[70,90,82],"class_list":["post-2899","post","type-post","status-publish","format-standard","has-post-thumbnail","hentry","category-derecho-sanitario","category-ecuador","category-noticias","tag-consentimiento-informado","tag-derecho-sanitario","tag-pacientes"],"yoast_head":"<!-- This site is optimized with the Yoast SEO plugin v26.8 - https:\/\/yoast.com\/product\/yoast-seo-wordpress\/ -->\n<title>La decisi\u00f3n que cambi\u00f3 una vida - El consentimiento informado<\/title>\n<meta name=\"robots\" content=\"index, follow, max-snippet:-1, max-image-preview:large, max-video-preview:-1\" \/>\n<link rel=\"canonical\" href=\"https:\/\/elconsentimiento.com\/blog\/2026\/03\/05\/la-decision-que-cambio-una-vida-una-historia-que-obligo-a-ecuador-a-mirar-de-frente-al-consentimiento-informado\/\" \/>\n<meta property=\"og:locale\" content=\"es_ES\" \/>\n<meta property=\"og:type\" content=\"article\" \/>\n<meta property=\"og:title\" content=\"La decisi\u00f3n que cambi\u00f3 una vida - El consentimiento informado\" \/>\n<meta property=\"og:description\" content=\"En julio de 2020, en medio de la incertidumbre de la pandemia y en un pa\u00eds que no era el suyo, una adolescente venezolana ingres\u00f3 sola [\u2026]\" \/>\n<meta property=\"og:url\" content=\"https:\/\/elconsentimiento.com\/blog\/2026\/03\/05\/la-decision-que-cambio-una-vida-una-historia-que-obligo-a-ecuador-a-mirar-de-frente-al-consentimiento-informado\/\" \/>\n<meta property=\"og:site_name\" content=\"El consentimiento informado\" \/>\n<meta property=\"article:published_time\" content=\"2026-03-05T12:47:00+00:00\" \/>\n<meta property=\"article:modified_time\" content=\"2026-03-05T12:47:03+00:00\" \/>\n<meta property=\"og:image\" content=\"https:\/\/elconsentimiento.com\/blog\/wp-content\/uploads\/2026\/03\/Imagenes-blog-ELCI.png\" \/>\n\t<meta property=\"og:image:width\" content=\"1200\" \/>\n\t<meta property=\"og:image:height\" content=\"675\" \/>\n\t<meta property=\"og:image:type\" content=\"image\/png\" \/>\n<meta name=\"author\" content=\"\u00c1ngel Ramos, abogado DS Legal\" \/>\n<meta name=\"twitter:card\" content=\"summary_large_image\" \/>\n<meta name=\"twitter:label1\" content=\"Escrito por\" \/>\n\t<meta name=\"twitter:data1\" content=\"\u00c1ngel Ramos, abogado DS Legal\" \/>\n\t<meta name=\"twitter:label2\" content=\"Tiempo de lectura\" \/>\n\t<meta name=\"twitter:data2\" content=\"4 minutos\" \/>\n<script type=\"application\/ld+json\" class=\"yoast-schema-graph\">{\"@context\":\"https:\/\/schema.org\",\"@graph\":[{\"@type\":\"Article\",\"@id\":\"https:\/\/elconsentimiento.com\/blog\/2026\/03\/05\/la-decision-que-cambio-una-vida-una-historia-que-obligo-a-ecuador-a-mirar-de-frente-al-consentimiento-informado\/#article\",\"isPartOf\":{\"@id\":\"https:\/\/elconsentimiento.com\/blog\/2026\/03\/05\/la-decision-que-cambio-una-vida-una-historia-que-obligo-a-ecuador-a-mirar-de-frente-al-consentimiento-informado\/\"},\"author\":{\"name\":\"\u00c1ngel Ramos, abogado DS Legal\",\"@id\":\"https:\/\/elconsentimiento.com\/blog\/#\/schema\/person\/237d9794c37360df85bca20919973aaf\"},\"headline\":\"La decisi\u00f3n que cambi\u00f3\u00a0una\u00a0vida: una historia que oblig\u00f3 a Ecuador a mirar de frente\u00a0al consentimiento informado\u00a0\",\"datePublished\":\"2026-03-05T12:47:00+00:00\",\"dateModified\":\"2026-03-05T12:47:03+00:00\",\"mainEntityOfPage\":{\"@id\":\"https:\/\/elconsentimiento.com\/blog\/2026\/03\/05\/la-decision-que-cambio-una-vida-una-historia-que-obligo-a-ecuador-a-mirar-de-frente-al-consentimiento-informado\/\"},\"wordCount\":1002,\"commentCount\":0,\"publisher\":{\"@id\":\"https:\/\/elconsentimiento.com\/blog\/#organization\"},\"image\":{\"@id\":\"https:\/\/elconsentimiento.com\/blog\/2026\/03\/05\/la-decision-que-cambio-una-vida-una-historia-que-obligo-a-ecuador-a-mirar-de-frente-al-consentimiento-informado\/#primaryimage\"},\"thumbnailUrl\":\"https:\/\/elconsentimiento.com\/blog\/wp-content\/uploads\/2026\/03\/Imagenes-blog-ELCI.png\",\"keywords\":[\"Consentimiento Informado\",\"derecho sanitario\",\"Pacientes\"],\"articleSection\":[\"Derecho sanitario\",\"Ecuador\",\"Noticias\"],\"inLanguage\":\"es\",\"potentialAction\":[{\"@type\":\"CommentAction\",\"name\":\"Comment\",\"target\":[\"https:\/\/elconsentimiento.com\/blog\/2026\/03\/05\/la-decision-que-cambio-una-vida-una-historia-que-obligo-a-ecuador-a-mirar-de-frente-al-consentimiento-informado\/#respond\"]}]},{\"@type\":\"WebPage\",\"@id\":\"https:\/\/elconsentimiento.com\/blog\/2026\/03\/05\/la-decision-que-cambio-una-vida-una-historia-que-obligo-a-ecuador-a-mirar-de-frente-al-consentimiento-informado\/\",\"url\":\"https:\/\/elconsentimiento.com\/blog\/2026\/03\/05\/la-decision-que-cambio-una-vida-una-historia-que-obligo-a-ecuador-a-mirar-de-frente-al-consentimiento-informado\/\",\"name\":\"La decisi\u00f3n que cambi\u00f3 una vida - El consentimiento informado\",\"isPartOf\":{\"@id\":\"https:\/\/elconsentimiento.com\/blog\/#website\"},\"primaryImageOfPage\":{\"@id\":\"https:\/\/elconsentimiento.com\/blog\/2026\/03\/05\/la-decision-que-cambio-una-vida-una-historia-que-obligo-a-ecuador-a-mirar-de-frente-al-consentimiento-informado\/#primaryimage\"},\"image\":{\"@id\":\"https:\/\/elconsentimiento.com\/blog\/2026\/03\/05\/la-decision-que-cambio-una-vida-una-historia-que-obligo-a-ecuador-a-mirar-de-frente-al-consentimiento-informado\/#primaryimage\"},\"thumbnailUrl\":\"https:\/\/elconsentimiento.com\/blog\/wp-content\/uploads\/2026\/03\/Imagenes-blog-ELCI.png\",\"datePublished\":\"2026-03-05T12:47:00+00:00\",\"dateModified\":\"2026-03-05T12:47:03+00:00\",\"breadcrumb\":{\"@id\":\"https:\/\/elconsentimiento.com\/blog\/2026\/03\/05\/la-decision-que-cambio-una-vida-una-historia-que-obligo-a-ecuador-a-mirar-de-frente-al-consentimiento-informado\/#breadcrumb\"},\"inLanguage\":\"es\",\"potentialAction\":[{\"@type\":\"ReadAction\",\"target\":[\"https:\/\/elconsentimiento.com\/blog\/2026\/03\/05\/la-decision-que-cambio-una-vida-una-historia-que-obligo-a-ecuador-a-mirar-de-frente-al-consentimiento-informado\/\"]}]},{\"@type\":\"ImageObject\",\"inLanguage\":\"es\",\"@id\":\"https:\/\/elconsentimiento.com\/blog\/2026\/03\/05\/la-decision-que-cambio-una-vida-una-historia-que-obligo-a-ecuador-a-mirar-de-frente-al-consentimiento-informado\/#primaryimage\",\"url\":\"https:\/\/elconsentimiento.com\/blog\/wp-content\/uploads\/2026\/03\/Imagenes-blog-ELCI.png\",\"contentUrl\":\"https:\/\/elconsentimiento.com\/blog\/wp-content\/uploads\/2026\/03\/Imagenes-blog-ELCI.png\",\"width\":1200,\"height\":675},{\"@type\":\"BreadcrumbList\",\"@id\":\"https:\/\/elconsentimiento.com\/blog\/2026\/03\/05\/la-decision-que-cambio-una-vida-una-historia-que-obligo-a-ecuador-a-mirar-de-frente-al-consentimiento-informado\/#breadcrumb\",\"itemListElement\":[{\"@type\":\"ListItem\",\"position\":1,\"name\":\"Portada\",\"item\":\"https:\/\/elconsentimiento.com\/blog\/\"},{\"@type\":\"ListItem\",\"position\":2,\"name\":\"La decisi\u00f3n que cambi\u00f3\u00a0una\u00a0vida: una historia que oblig\u00f3 a Ecuador a mirar de frente\u00a0al consentimiento informado\u00a0\"}]},{\"@type\":\"WebSite\",\"@id\":\"https:\/\/elconsentimiento.com\/blog\/#website\",\"url\":\"https:\/\/elconsentimiento.com\/blog\/\",\"name\":\"El consentimiento informado\",\"description\":\"ElConsentimiento\",\"publisher\":{\"@id\":\"https:\/\/elconsentimiento.com\/blog\/#organization\"},\"potentialAction\":[{\"@type\":\"SearchAction\",\"target\":{\"@type\":\"EntryPoint\",\"urlTemplate\":\"https:\/\/elconsentimiento.com\/blog\/?s={search_term_string}\"},\"query-input\":{\"@type\":\"PropertyValueSpecification\",\"valueRequired\":true,\"valueName\":\"search_term_string\"}}],\"inLanguage\":\"es\"},{\"@type\":\"Organization\",\"@id\":\"https:\/\/elconsentimiento.com\/blog\/#organization\",\"name\":\"El consentimiento informado\",\"url\":\"https:\/\/elconsentimiento.com\/blog\/\",\"logo\":{\"@type\":\"ImageObject\",\"inLanguage\":\"es\",\"@id\":\"https:\/\/elconsentimiento.com\/blog\/#\/schema\/logo\/image\/\",\"url\":\"https:\/\/elconsentimiento.com\/blog\/wp-content\/uploads\/2025\/06\/logo-ELCI.png\",\"contentUrl\":\"https:\/\/elconsentimiento.com\/blog\/wp-content\/uploads\/2025\/06\/logo-ELCI.png\",\"width\":264,\"height\":76,\"caption\":\"El consentimiento informado\"},\"image\":{\"@id\":\"https:\/\/elconsentimiento.com\/blog\/#\/schema\/logo\/image\/\"},\"sameAs\":[\"https:\/\/www.linkedin.com\/company\/elconsentimiento-com\"]},{\"@type\":\"Person\",\"@id\":\"https:\/\/elconsentimiento.com\/blog\/#\/schema\/person\/237d9794c37360df85bca20919973aaf\",\"name\":\"\u00c1ngel Ramos, abogado DS Legal\",\"image\":{\"@type\":\"ImageObject\",\"inLanguage\":\"es\",\"@id\":\"https:\/\/elconsentimiento.com\/blog\/#\/schema\/person\/image\/\",\"url\":\"https:\/\/secure.gravatar.com\/avatar\/13db723e25c16d1c60242052e30355f33047d7cdb0f32013254e95f2c9d6a14b?s=96&d=mm&r=g\",\"contentUrl\":\"https:\/\/secure.gravatar.com\/avatar\/13db723e25c16d1c60242052e30355f33047d7cdb0f32013254e95f2c9d6a14b?s=96&d=mm&r=g\",\"caption\":\"\u00c1ngel Ramos, abogado DS Legal\"},\"url\":\"https:\/\/elconsentimiento.com\/blog\/author\/angelramos\/\"}]}<\/script>\n<!-- \/ Yoast SEO plugin. -->","yoast_head_json":{"title":"La decisi\u00f3n que cambi\u00f3 una vida - El consentimiento informado","robots":{"index":"index","follow":"follow","max-snippet":"max-snippet:-1","max-image-preview":"max-image-preview:large","max-video-preview":"max-video-preview:-1"},"canonical":"https:\/\/elconsentimiento.com\/blog\/2026\/03\/05\/la-decision-que-cambio-una-vida-una-historia-que-obligo-a-ecuador-a-mirar-de-frente-al-consentimiento-informado\/","og_locale":"es_ES","og_type":"article","og_title":"La decisi\u00f3n que cambi\u00f3 una vida - El consentimiento informado","og_description":"En julio de 2020, en medio de la incertidumbre de la pandemia y en un pa\u00eds que no era el suyo, una adolescente venezolana ingres\u00f3 sola [\u2026]","og_url":"https:\/\/elconsentimiento.com\/blog\/2026\/03\/05\/la-decision-que-cambio-una-vida-una-historia-que-obligo-a-ecuador-a-mirar-de-frente-al-consentimiento-informado\/","og_site_name":"El consentimiento informado","article_published_time":"2026-03-05T12:47:00+00:00","article_modified_time":"2026-03-05T12:47:03+00:00","og_image":[{"width":1200,"height":675,"url":"https:\/\/elconsentimiento.com\/blog\/wp-content\/uploads\/2026\/03\/Imagenes-blog-ELCI.png","type":"image\/png"}],"author":"\u00c1ngel Ramos, abogado DS Legal","twitter_card":"summary_large_image","twitter_misc":{"Escrito por":"\u00c1ngel Ramos, abogado DS Legal","Tiempo de lectura":"4 minutos"},"schema":{"@context":"https:\/\/schema.org","@graph":[{"@type":"Article","@id":"https:\/\/elconsentimiento.com\/blog\/2026\/03\/05\/la-decision-que-cambio-una-vida-una-historia-que-obligo-a-ecuador-a-mirar-de-frente-al-consentimiento-informado\/#article","isPartOf":{"@id":"https:\/\/elconsentimiento.com\/blog\/2026\/03\/05\/la-decision-que-cambio-una-vida-una-historia-que-obligo-a-ecuador-a-mirar-de-frente-al-consentimiento-informado\/"},"author":{"name":"\u00c1ngel Ramos, abogado DS Legal","@id":"https:\/\/elconsentimiento.com\/blog\/#\/schema\/person\/237d9794c37360df85bca20919973aaf"},"headline":"La decisi\u00f3n que cambi\u00f3\u00a0una\u00a0vida: una historia que oblig\u00f3 a Ecuador a mirar de frente\u00a0al consentimiento informado\u00a0","datePublished":"2026-03-05T12:47:00+00:00","dateModified":"2026-03-05T12:47:03+00:00","mainEntityOfPage":{"@id":"https:\/\/elconsentimiento.com\/blog\/2026\/03\/05\/la-decision-que-cambio-una-vida-una-historia-que-obligo-a-ecuador-a-mirar-de-frente-al-consentimiento-informado\/"},"wordCount":1002,"commentCount":0,"publisher":{"@id":"https:\/\/elconsentimiento.com\/blog\/#organization"},"image":{"@id":"https:\/\/elconsentimiento.com\/blog\/2026\/03\/05\/la-decision-que-cambio-una-vida-una-historia-que-obligo-a-ecuador-a-mirar-de-frente-al-consentimiento-informado\/#primaryimage"},"thumbnailUrl":"https:\/\/elconsentimiento.com\/blog\/wp-content\/uploads\/2026\/03\/Imagenes-blog-ELCI.png","keywords":["Consentimiento Informado","derecho sanitario","Pacientes"],"articleSection":["Derecho sanitario","Ecuador","Noticias"],"inLanguage":"es","potentialAction":[{"@type":"CommentAction","name":"Comment","target":["https:\/\/elconsentimiento.com\/blog\/2026\/03\/05\/la-decision-que-cambio-una-vida-una-historia-que-obligo-a-ecuador-a-mirar-de-frente-al-consentimiento-informado\/#respond"]}]},{"@type":"WebPage","@id":"https:\/\/elconsentimiento.com\/blog\/2026\/03\/05\/la-decision-que-cambio-una-vida-una-historia-que-obligo-a-ecuador-a-mirar-de-frente-al-consentimiento-informado\/","url":"https:\/\/elconsentimiento.com\/blog\/2026\/03\/05\/la-decision-que-cambio-una-vida-una-historia-que-obligo-a-ecuador-a-mirar-de-frente-al-consentimiento-informado\/","name":"La decisi\u00f3n que cambi\u00f3 una vida - El consentimiento informado","isPartOf":{"@id":"https:\/\/elconsentimiento.com\/blog\/#website"},"primaryImageOfPage":{"@id":"https:\/\/elconsentimiento.com\/blog\/2026\/03\/05\/la-decision-que-cambio-una-vida-una-historia-que-obligo-a-ecuador-a-mirar-de-frente-al-consentimiento-informado\/#primaryimage"},"image":{"@id":"https:\/\/elconsentimiento.com\/blog\/2026\/03\/05\/la-decision-que-cambio-una-vida-una-historia-que-obligo-a-ecuador-a-mirar-de-frente-al-consentimiento-informado\/#primaryimage"},"thumbnailUrl":"https:\/\/elconsentimiento.com\/blog\/wp-content\/uploads\/2026\/03\/Imagenes-blog-ELCI.png","datePublished":"2026-03-05T12:47:00+00:00","dateModified":"2026-03-05T12:47:03+00:00","breadcrumb":{"@id":"https:\/\/elconsentimiento.com\/blog\/2026\/03\/05\/la-decision-que-cambio-una-vida-una-historia-que-obligo-a-ecuador-a-mirar-de-frente-al-consentimiento-informado\/#breadcrumb"},"inLanguage":"es","potentialAction":[{"@type":"ReadAction","target":["https:\/\/elconsentimiento.com\/blog\/2026\/03\/05\/la-decision-que-cambio-una-vida-una-historia-que-obligo-a-ecuador-a-mirar-de-frente-al-consentimiento-informado\/"]}]},{"@type":"ImageObject","inLanguage":"es","@id":"https:\/\/elconsentimiento.com\/blog\/2026\/03\/05\/la-decision-que-cambio-una-vida-una-historia-que-obligo-a-ecuador-a-mirar-de-frente-al-consentimiento-informado\/#primaryimage","url":"https:\/\/elconsentimiento.com\/blog\/wp-content\/uploads\/2026\/03\/Imagenes-blog-ELCI.png","contentUrl":"https:\/\/elconsentimiento.com\/blog\/wp-content\/uploads\/2026\/03\/Imagenes-blog-ELCI.png","width":1200,"height":675},{"@type":"BreadcrumbList","@id":"https:\/\/elconsentimiento.com\/blog\/2026\/03\/05\/la-decision-que-cambio-una-vida-una-historia-que-obligo-a-ecuador-a-mirar-de-frente-al-consentimiento-informado\/#breadcrumb","itemListElement":[{"@type":"ListItem","position":1,"name":"Portada","item":"https:\/\/elconsentimiento.com\/blog\/"},{"@type":"ListItem","position":2,"name":"La decisi\u00f3n que cambi\u00f3\u00a0una\u00a0vida: una historia que oblig\u00f3 a Ecuador a mirar de frente\u00a0al consentimiento informado\u00a0"}]},{"@type":"WebSite","@id":"https:\/\/elconsentimiento.com\/blog\/#website","url":"https:\/\/elconsentimiento.com\/blog\/","name":"El consentimiento informado","description":"ElConsentimiento","publisher":{"@id":"https:\/\/elconsentimiento.com\/blog\/#organization"},"potentialAction":[{"@type":"SearchAction","target":{"@type":"EntryPoint","urlTemplate":"https:\/\/elconsentimiento.com\/blog\/?s={search_term_string}"},"query-input":{"@type":"PropertyValueSpecification","valueRequired":true,"valueName":"search_term_string"}}],"inLanguage":"es"},{"@type":"Organization","@id":"https:\/\/elconsentimiento.com\/blog\/#organization","name":"El consentimiento informado","url":"https:\/\/elconsentimiento.com\/blog\/","logo":{"@type":"ImageObject","inLanguage":"es","@id":"https:\/\/elconsentimiento.com\/blog\/#\/schema\/logo\/image\/","url":"https:\/\/elconsentimiento.com\/blog\/wp-content\/uploads\/2025\/06\/logo-ELCI.png","contentUrl":"https:\/\/elconsentimiento.com\/blog\/wp-content\/uploads\/2025\/06\/logo-ELCI.png","width":264,"height":76,"caption":"El consentimiento informado"},"image":{"@id":"https:\/\/elconsentimiento.com\/blog\/#\/schema\/logo\/image\/"},"sameAs":["https:\/\/www.linkedin.com\/company\/elconsentimiento-com"]},{"@type":"Person","@id":"https:\/\/elconsentimiento.com\/blog\/#\/schema\/person\/237d9794c37360df85bca20919973aaf","name":"\u00c1ngel Ramos, abogado DS Legal","image":{"@type":"ImageObject","inLanguage":"es","@id":"https:\/\/elconsentimiento.com\/blog\/#\/schema\/person\/image\/","url":"https:\/\/secure.gravatar.com\/avatar\/13db723e25c16d1c60242052e30355f33047d7cdb0f32013254e95f2c9d6a14b?s=96&d=mm&r=g","contentUrl":"https:\/\/secure.gravatar.com\/avatar\/13db723e25c16d1c60242052e30355f33047d7cdb0f32013254e95f2c9d6a14b?s=96&d=mm&r=g","caption":"\u00c1ngel Ramos, abogado DS Legal"},"url":"https:\/\/elconsentimiento.com\/blog\/author\/angelramos\/"}]}},"_links":{"self":[{"href":"https:\/\/elconsentimiento.com\/blog\/wp-json\/wp\/v2\/posts\/2899","targetHints":{"allow":["GET"]}}],"collection":[{"href":"https:\/\/elconsentimiento.com\/blog\/wp-json\/wp\/v2\/posts"}],"about":[{"href":"https:\/\/elconsentimiento.com\/blog\/wp-json\/wp\/v2\/types\/post"}],"author":[{"embeddable":true,"href":"https:\/\/elconsentimiento.com\/blog\/wp-json\/wp\/v2\/users\/7"}],"replies":[{"embeddable":true,"href":"https:\/\/elconsentimiento.com\/blog\/wp-json\/wp\/v2\/comments?post=2899"}],"version-history":[{"count":4,"href":"https:\/\/elconsentimiento.com\/blog\/wp-json\/wp\/v2\/posts\/2899\/revisions"}],"predecessor-version":[{"id":2907,"href":"https:\/\/elconsentimiento.com\/blog\/wp-json\/wp\/v2\/posts\/2899\/revisions\/2907"}],"wp:featuredmedia":[{"embeddable":true,"href":"https:\/\/elconsentimiento.com\/blog\/wp-json\/wp\/v2\/media\/2904"}],"wp:attachment":[{"href":"https:\/\/elconsentimiento.com\/blog\/wp-json\/wp\/v2\/media?parent=2899"}],"wp:term":[{"taxonomy":"category","embeddable":true,"href":"https:\/\/elconsentimiento.com\/blog\/wp-json\/wp\/v2\/categories?post=2899"},{"taxonomy":"post_tag","embeddable":true,"href":"https:\/\/elconsentimiento.com\/blog\/wp-json\/wp\/v2\/tags?post=2899"}],"curies":[{"name":"wp","href":"https:\/\/api.w.org\/{rel}","templated":true}]}}