{"id":2443,"date":"2020-04-21T11:00:00","date_gmt":"2020-04-21T11:00:00","guid":{"rendered":"https:\/\/elconsentimiento.es\/blog\/?p=2443"},"modified":"2020-04-22T15:25:25","modified_gmt":"2020-04-22T15:25:25","slug":"implicaciones-legales-profesional-medico-en-materia-proteccion-datos","status":"publish","type":"post","link":"https:\/\/elconsentimiento.com\/blog\/2020\/04\/21\/implicaciones-legales-profesional-medico-en-materia-proteccion-datos\/","title":{"rendered":"Implicaciones legales del profesional m\u00e9dico en materia de protecci\u00f3n de datos, a la hora de obtener el Consentimiento Informado de sus pacientes"},"content":{"rendered":"\n<h4 class=\"wp-block-heading\"><strong>\u00bfEl consentimiento informado, forma parte de la historia cl\u00ednica del paciente?<\/strong><\/h4>\n\n\n\n<p class=\"has-drop-cap has-normal-font-size\"><strong>El consentimiento informado, es uno de los documentos fundamentales que componen la historia cl\u00ednica del paciente<\/strong>, tal y como se establece en el art. 3 de la Ley 41\/2002, de 14 noviembre. De la historia cl\u00ednica hablaremos a continuaci\u00f3n a efectos de clarificar el r\u00e9gimen de custodia y su tratamiento desde el punto de vista de la protecci\u00f3n de datos de car\u00e1cter personal.<\/p>\n\n\n\n<p class=\"has-normal-font-size\">Si bien es cierto que el <strong>consentimiento informado<\/strong>, se otorga por parte de los pacientes de forma <strong>verbal con car\u00e1cter general<\/strong>, el art. 8.2 de la Ley 41\/2002, de 14 noviembre exige su presentaci\u00f3n por escrito en los casos siguientes:<\/p>\n\n\n\n<ul class=\"wp-block-list\"><li>Intervenci\u00f3n quir\u00fargica.<\/li><li>Procedimientos diagn\u00f3sticos y terap\u00e9uticos invasores.<\/li><li>En general, en los procedimientos que suponen riesgos de notoria y  previsible repercusi\u00f3n negativa sobre la salud del paciente.<\/li><\/ul>\n\n\n\n<p class=\"has-normal-font-size\">En todo caso, la Ley 41\/2002, de 14 de noviembre en su art. 10.2 se\u00f1ala que, cuanto m\u00e1s dudoso sea el resultado de una intervenci\u00f3n, m\u00e1s necesario resulta el previo <strong>consentimiento por escrito<\/strong> del paciente.<\/p>\n\n\n\n<p class=\"has-normal-font-size\">As\u00ed mismo, en el art\u00edculo 9.1 establece en los casos en los que el paciente renuncie a ser informado, que:<\/p>\n\n\n\n<blockquote class=\"wp-block-quote is-style-large is-layout-flow wp-block-quote-is-layout-flow\"><p><em>se respetar\u00e1 su voluntad haciendo constar su renuncia documentalmente, sin perjuicio de la obtenci\u00f3n de su consentimiento previo para la intervenci\u00f3n.<\/em><\/p><\/blockquote>\n\n\n\n<h4 class=\"wp-block-heading\"><strong>\u00bfQui\u00e9n debe ocuparse de la guarda y custodia de la historia cl\u00ednica del paciente?<\/strong><\/h4>\n\n\n\n<p class=\"has-normal-font-size\"><strong>El deber de custodia de las historias cl\u00ednicas es del centro sanitario <\/strong>con car\u00e1cter general<strong>. <\/strong>Como apunta el art\u00edculo 14.2. de la Ley 41\/2002: <\/p>\n\n\n\n<blockquote class=\"wp-block-quote is-style-large is-layout-flow wp-block-quote-is-layout-flow\"><p><em>cada centro archivar\u00e1 las historias cl\u00ednicas de sus pacientes, cualquiera que sea el soporte (papel, audiovisual, inform\u00e1tico o de otro tipo) en el que consten, de manera que queden garantizadas su seguridad, su correcta conservaci\u00f3n y la recuperaci\u00f3n de la informaci\u00f3n.<\/em><\/p><\/blockquote>\n\n\n\n<p class=\"has-normal-font-size\"><strong>L<\/strong><strong>a historia cl\u00ednica pertenece al centro<\/strong> donde el profesional presta sus servicios como \u201c<strong>trabajador por cuenta ajena\u201d<\/strong>; en estos casos hay que entender que la elaboraci\u00f3n de la historia cl\u00ednica forma parte del deber de prestaci\u00f3n propio de la relaci\u00f3n laboral que vincula al m\u00e9dico con el centro. Lo mismo ocurre cuando se trata de la relaci\u00f3n \u2013estatutaria- del m\u00e9dico con la Seguridad Social.<\/p>\n\n\n\n<p class=\"has-normal-font-size\">El debate surge cuando en el centro ejercen <strong>profesionales sanitarios<\/strong> que tienen arrendada la consulta y en la que atienden a sus propios pacientes al margen de la actividad del centro sanitario.<\/p>\n\n\n\n<p class=\"has-normal-font-size\">En este caso, la Ley deriva esta responsabilidad al facultativo toda vez que desempe\u00f1a su actividad como \u201c<strong>trabajador por<\/strong> <strong>cuenta propia\u201d y con plena autonom\u00eda<\/strong>, convirti\u00e9ndose en el responsable de garantizar a sus pacientes un tratamiento adecuado de sus datos personales.<\/p>\n\n\n\n<p class=\"has-normal-font-size\"><strong>En todos los casos, el tratamiento de esta documentaci\u00f3n cl\u00ednica deber\u00e1 hacerse evitando que sean identificadas las personas afectadas<\/strong>, salvo que el anonimato sea incompatible con las finalidades perseguidas o que los pacientes hayan dado su consentimiento previo.<\/p>\n\n\n\n<h4 class=\"wp-block-heading\"><strong>\u00bfCu\u00e1nto tiempo debe conservarse la historia cl\u00ednica de los pacientes?<\/strong><\/h4>\n\n\n\n<p class=\"has-normal-font-size\">Una vez determinada la titularidad y el deber de custodia de las historias cl\u00ednicas cabe hablar del <strong>deber de su conservaci\u00f3n<\/strong> que seg\u00fan el caso, corresponder\u00e1 bien al centro o bien al facultativo.<\/p>\n\n\n\n<p class=\"has-normal-font-size\">La respuesta en cuanto a <strong>los plazos de conservaci\u00f3n<\/strong>, la encontramos en el art. 17.1 de la citada Ley 41\/2002. Con car\u00e1cter general, <strong>los centros sanitarios tienen la obligaci\u00f3n de conservar la documentaci\u00f3n cl\u00ednica en condiciones que garanticen su correcto mantenimiento y seguridad<\/strong>, aunque no necesariamente en el soporte original, para la debida asistencia al paciente durante el tiempo adecuado a cada caso y, <strong>como m\u00ednimo, cinco a\u00f1os contados desde la fecha del alta de cada proceso asistencial<\/strong>. En el apartado 2\u00ba del citado art\u00edculo, se establece que la documentaci\u00f3n cl\u00ednica tambi\u00e9n se <strong>conservar\u00e1 a efectos judiciales<\/strong> y, cuando existan razones epidemiol\u00f3gicas, de investigaci\u00f3n o de organizaci\u00f3n y funcionamiento del Sistema Nacional de Salud.<\/p>\n\n\n\n<p class=\"has-normal-font-size\"><strong>La documentaci\u00f3n que integra la historia cl\u00ednica puede destruirse una vez hayan transcurrido cinco a\u00f1os desde la fecha de alta de cada proceso asistencial<\/strong>, si bien no es lo aconsejable en ning\u00fan caso, ya que es aqu\u00ed donde entra en juego el plazo previsto para ejercitar la denominada <strong>acci\u00f3n de responsabilidad civil<\/strong>, por posible mala praxis.<\/p>\n\n\n\n<h4 class=\"wp-block-heading\"><strong>\u00bfQu\u00e9 consecuencias se derivan del incumplimiento en materia de protecci\u00f3n de datos?<\/strong><\/h4>\n\n\n\n<p class=\"has-normal-font-size\">La nueva LOPDGDD, obliga a los responsables y encargados del tratamiento a tomar mayor conciencia y deber de diligencia a la hora de tratar los datos de car\u00e1cter personal <strong>al aumentar considerablemente la cuant\u00eda de las sanciones<\/strong> derivadas de estos incumplimientos.<\/p>\n\n\n\n<p class=\"has-normal-font-size\">En materia sancionadora, especial menci\u00f3n merece la primera condena post- RGPD por importe de 400.000 euros impuesta al Centro Hospitalario Portugu\u00e9s Barreir\u00f3-Montijo por permitir el acceso a la informaci\u00f3n de sus pacientes de personal no autorizado. Ha sido la primera entidad sanitaria en padecer la dureza de las nuevas sanciones recogidas en el Reglamento General de Protecci\u00f3n de Datos, que es de obligado cumplimiento en todos los pa\u00edses miembros de la Uni\u00f3n Europea.<\/p>\n\n\n\n<p class=\"has-normal-font-size\">Desde el despacho de abogados DS Legal Group, especializado en derecho sanitario, le ofrecemos el asesoramiento jur\u00eddico que necesita en esta materia.<\/p>\n\n\n\n<hr class=\"wp-block-separator has-text-color has-background has-vivid-cyan-blue-background-color has-vivid-cyan-blue-color is-style-default\"\/>\n\n\n\n<h3 class=\"wp-block-heading\">Marco Legal<\/h3>\n\n\n\n<ul class=\"wp-block-list\"><li><strong>Ley 41\/2002, de 14 de noviembre, b\u00e1sica reguladora de la autonom\u00eda del paciente y de derechos y obligaciones en materia de informaci\u00f3n y documentaci\u00f3n cl\u00ednica<\/strong>.<\/li><li><strong>Ley Org\u00e1nica 3\/2018, de 5 de diciembre, de Protecci\u00f3n de Datos Personales y garant\u00eda de los derechos digitales (LOPDGDD) <\/strong>por la cual se adapta el ordenamiento jur\u00eddico espa\u00f1ol al <strong>REGLAMENTO (UE) 2016\/679, de 27 de abril de 2016, relativo a la protecci\u00f3n de las personas f\u00edsicas en lo que respecta al tratamiento de datos personales y a la libre circulaci\u00f3n de estos datos (RGPD) <\/strong>y por el que se deroga la Directiva 95\/46\/CE <strong>(Reglamento general de protecci\u00f3n de datos)<\/strong><strong>.<\/strong><\/li><\/ul>\n","protected":false},"excerpt":{"rendered":"<p>El consentimiento informado, es uno de los documentos fundamentales que componen la historia cl\u00ednica del paciente, tal y como se establece en el art. 3 de la Ley 41\/2002, de 14 noviembre.<\/p>\n","protected":false},"author":8,"featured_media":2342,"comment_status":"open","ping_status":"open","sticky":false,"template":"","format":"standard","meta":{"footnotes":""},"categories":[5,40,24],"tags":[70,71,90,85,87],"class_list":["post-2443","post","type-post","status-publish","format-standard","has-post-thumbnail","hentry","category-clausulas-juridicas","category-derecho-sanitario","category-procedimientos","tag-consentimiento-informado","tag-derecho-del-paciente","tag-derecho-sanitario","tag-proteccion-datos","tag-rgpd"],"yoast_head":"<!-- This site is optimized with the Yoast SEO plugin v26.8 - https:\/\/yoast.com\/product\/yoast-seo-wordpress\/ -->\n<title>Implicaciones legales del profesional m\u00e9dico en materia de protecci\u00f3n de datos, a la hora de obtener el Consentimiento Informado de sus pacientes - El consentimiento informado<\/title>\n<meta name=\"robots\" content=\"index, follow, max-snippet:-1, max-image-preview:large, max-video-preview:-1\" \/>\n<link rel=\"canonical\" href=\"https:\/\/elconsentimiento.com\/blog\/2020\/04\/21\/implicaciones-legales-profesional-medico-en-materia-proteccion-datos\/\" \/>\n<meta property=\"og:locale\" content=\"es_ES\" \/>\n<meta property=\"og:type\" content=\"article\" \/>\n<meta property=\"og:title\" content=\"Implicaciones legales del profesional m\u00e9dico en materia de protecci\u00f3n de datos, a la hora de obtener el Consentimiento Informado de sus pacientes - El consentimiento informado\" \/>\n<meta property=\"og:description\" content=\"El consentimiento informado, es uno de los documentos fundamentales que componen la historia cl\u00ednica del paciente, tal y como se establece en el art. 3 de la Ley 41\/2002, de 14 noviembre.\" \/>\n<meta property=\"og:url\" content=\"https:\/\/elconsentimiento.com\/blog\/2020\/04\/21\/implicaciones-legales-profesional-medico-en-materia-proteccion-datos\/\" \/>\n<meta property=\"og:site_name\" content=\"El consentimiento informado\" \/>\n<meta property=\"article:published_time\" content=\"2020-04-21T11:00:00+00:00\" \/>\n<meta property=\"article:modified_time\" content=\"2020-04-22T15:25:25+00:00\" \/>\n<meta property=\"og:image\" content=\"https:\/\/elconsentimiento.com\/blog\/wp-content\/uploads\/2020\/04\/Informacion.jpg\" \/>\n\t<meta property=\"og:image:width\" content=\"1200\" \/>\n\t<meta property=\"og:image:height\" content=\"675\" \/>\n\t<meta property=\"og:image:type\" content=\"image\/jpeg\" \/>\n<meta name=\"author\" content=\"Silvia Moya Moyano Abogada en DS Legal Group\" \/>\n<meta name=\"twitter:card\" content=\"summary_large_image\" \/>\n<meta name=\"twitter:label1\" content=\"Escrito por\" \/>\n\t<meta name=\"twitter:data1\" content=\"Silvia Moya Moyano Abogada en DS Legal Group\" \/>\n\t<meta name=\"twitter:label2\" content=\"Tiempo de lectura\" \/>\n\t<meta name=\"twitter:data2\" content=\"5 minutos\" \/>\n<script type=\"application\/ld+json\" class=\"yoast-schema-graph\">{\"@context\":\"https:\/\/schema.org\",\"@graph\":[{\"@type\":\"Article\",\"@id\":\"https:\/\/elconsentimiento.com\/blog\/2020\/04\/21\/implicaciones-legales-profesional-medico-en-materia-proteccion-datos\/#article\",\"isPartOf\":{\"@id\":\"https:\/\/elconsentimiento.com\/blog\/2020\/04\/21\/implicaciones-legales-profesional-medico-en-materia-proteccion-datos\/\"},\"author\":{\"name\":\"Silvia Moya Moyano Abogada en DS Legal Group\",\"@id\":\"https:\/\/elconsentimiento.com\/blog\/#\/schema\/person\/47aed4b30741de1a534df2c8d98669a6\"},\"headline\":\"Implicaciones legales del profesional m\u00e9dico en materia de protecci\u00f3n de datos, a la hora de obtener el Consentimiento Informado de sus pacientes\",\"datePublished\":\"2020-04-21T11:00:00+00:00\",\"dateModified\":\"2020-04-22T15:25:25+00:00\",\"mainEntityOfPage\":{\"@id\":\"https:\/\/elconsentimiento.com\/blog\/2020\/04\/21\/implicaciones-legales-profesional-medico-en-materia-proteccion-datos\/\"},\"wordCount\":1032,\"commentCount\":0,\"publisher\":{\"@id\":\"https:\/\/elconsentimiento.com\/blog\/#organization\"},\"image\":{\"@id\":\"https:\/\/elconsentimiento.com\/blog\/2020\/04\/21\/implicaciones-legales-profesional-medico-en-materia-proteccion-datos\/#primaryimage\"},\"thumbnailUrl\":\"https:\/\/elconsentimiento.com\/blog\/wp-content\/uploads\/2020\/04\/Informacion.jpg\",\"keywords\":[\"Consentimiento Informado\",\"Derecho del paciente\",\"derecho sanitario\",\"Protecci\u00f3n datos\",\"RGPD\"],\"articleSection\":[\"Cl\u00e1usulas jur\u00eddicas\",\"Derecho sanitario\",\"Procedimientos\"],\"inLanguage\":\"es\",\"potentialAction\":[{\"@type\":\"CommentAction\",\"name\":\"Comment\",\"target\":[\"https:\/\/elconsentimiento.com\/blog\/2020\/04\/21\/implicaciones-legales-profesional-medico-en-materia-proteccion-datos\/#respond\"]}]},{\"@type\":\"WebPage\",\"@id\":\"https:\/\/elconsentimiento.com\/blog\/2020\/04\/21\/implicaciones-legales-profesional-medico-en-materia-proteccion-datos\/\",\"url\":\"https:\/\/elconsentimiento.com\/blog\/2020\/04\/21\/implicaciones-legales-profesional-medico-en-materia-proteccion-datos\/\",\"name\":\"Implicaciones legales del profesional m\u00e9dico en materia de protecci\u00f3n de datos, a la hora de obtener el Consentimiento Informado de sus pacientes - El consentimiento informado\",\"isPartOf\":{\"@id\":\"https:\/\/elconsentimiento.com\/blog\/#website\"},\"primaryImageOfPage\":{\"@id\":\"https:\/\/elconsentimiento.com\/blog\/2020\/04\/21\/implicaciones-legales-profesional-medico-en-materia-proteccion-datos\/#primaryimage\"},\"image\":{\"@id\":\"https:\/\/elconsentimiento.com\/blog\/2020\/04\/21\/implicaciones-legales-profesional-medico-en-materia-proteccion-datos\/#primaryimage\"},\"thumbnailUrl\":\"https:\/\/elconsentimiento.com\/blog\/wp-content\/uploads\/2020\/04\/Informacion.jpg\",\"datePublished\":\"2020-04-21T11:00:00+00:00\",\"dateModified\":\"2020-04-22T15:25:25+00:00\",\"breadcrumb\":{\"@id\":\"https:\/\/elconsentimiento.com\/blog\/2020\/04\/21\/implicaciones-legales-profesional-medico-en-materia-proteccion-datos\/#breadcrumb\"},\"inLanguage\":\"es\",\"potentialAction\":[{\"@type\":\"ReadAction\",\"target\":[\"https:\/\/elconsentimiento.com\/blog\/2020\/04\/21\/implicaciones-legales-profesional-medico-en-materia-proteccion-datos\/\"]}]},{\"@type\":\"ImageObject\",\"inLanguage\":\"es\",\"@id\":\"https:\/\/elconsentimiento.com\/blog\/2020\/04\/21\/implicaciones-legales-profesional-medico-en-materia-proteccion-datos\/#primaryimage\",\"url\":\"https:\/\/elconsentimiento.com\/blog\/wp-content\/uploads\/2020\/04\/Informacion.jpg\",\"contentUrl\":\"https:\/\/elconsentimiento.com\/blog\/wp-content\/uploads\/2020\/04\/Informacion.jpg\",\"width\":1200,\"height\":675,\"caption\":\"Informanado al paciente\"},{\"@type\":\"BreadcrumbList\",\"@id\":\"https:\/\/elconsentimiento.com\/blog\/2020\/04\/21\/implicaciones-legales-profesional-medico-en-materia-proteccion-datos\/#breadcrumb\",\"itemListElement\":[{\"@type\":\"ListItem\",\"position\":1,\"name\":\"Portada\",\"item\":\"https:\/\/elconsentimiento.com\/blog\/\"},{\"@type\":\"ListItem\",\"position\":2,\"name\":\"Implicaciones legales del profesional m\u00e9dico en materia de protecci\u00f3n de datos, a la hora de obtener el Consentimiento Informado de sus pacientes\"}]},{\"@type\":\"WebSite\",\"@id\":\"https:\/\/elconsentimiento.com\/blog\/#website\",\"url\":\"https:\/\/elconsentimiento.com\/blog\/\",\"name\":\"El consentimiento informado\",\"description\":\"ElConsentimiento\",\"publisher\":{\"@id\":\"https:\/\/elconsentimiento.com\/blog\/#organization\"},\"potentialAction\":[{\"@type\":\"SearchAction\",\"target\":{\"@type\":\"EntryPoint\",\"urlTemplate\":\"https:\/\/elconsentimiento.com\/blog\/?s={search_term_string}\"},\"query-input\":{\"@type\":\"PropertyValueSpecification\",\"valueRequired\":true,\"valueName\":\"search_term_string\"}}],\"inLanguage\":\"es\"},{\"@type\":\"Organization\",\"@id\":\"https:\/\/elconsentimiento.com\/blog\/#organization\",\"name\":\"El consentimiento informado\",\"url\":\"https:\/\/elconsentimiento.com\/blog\/\",\"logo\":{\"@type\":\"ImageObject\",\"inLanguage\":\"es\",\"@id\":\"https:\/\/elconsentimiento.com\/blog\/#\/schema\/logo\/image\/\",\"url\":\"https:\/\/elconsentimiento.com\/blog\/wp-content\/uploads\/2025\/06\/logo-ELCI.png\",\"contentUrl\":\"https:\/\/elconsentimiento.com\/blog\/wp-content\/uploads\/2025\/06\/logo-ELCI.png\",\"width\":264,\"height\":76,\"caption\":\"El consentimiento informado\"},\"image\":{\"@id\":\"https:\/\/elconsentimiento.com\/blog\/#\/schema\/logo\/image\/\"},\"sameAs\":[\"https:\/\/www.linkedin.com\/company\/elconsentimiento-com\"]},{\"@type\":\"Person\",\"@id\":\"https:\/\/elconsentimiento.com\/blog\/#\/schema\/person\/47aed4b30741de1a534df2c8d98669a6\",\"name\":\"Silvia Moya Moyano Abogada en DS Legal Group\",\"image\":{\"@type\":\"ImageObject\",\"inLanguage\":\"es\",\"@id\":\"https:\/\/elconsentimiento.com\/blog\/#\/schema\/person\/image\/\",\"url\":\"https:\/\/secure.gravatar.com\/avatar\/3da18445d043eeb74bea0a140ae116b1e2fdbbdfc7df733ca819cd82565e03c7?s=96&d=mm&r=g\",\"contentUrl\":\"https:\/\/secure.gravatar.com\/avatar\/3da18445d043eeb74bea0a140ae116b1e2fdbbdfc7df733ca819cd82565e03c7?s=96&d=mm&r=g\",\"caption\":\"Silvia Moya Moyano Abogada en DS Legal Group\"},\"url\":\"https:\/\/elconsentimiento.com\/blog\/author\/silviamoya\/\"}]}<\/script>\n<!-- \/ Yoast SEO plugin. -->","yoast_head_json":{"title":"Implicaciones legales del profesional m\u00e9dico en materia de protecci\u00f3n de datos, a la hora de obtener el Consentimiento Informado de sus pacientes - El consentimiento informado","robots":{"index":"index","follow":"follow","max-snippet":"max-snippet:-1","max-image-preview":"max-image-preview:large","max-video-preview":"max-video-preview:-1"},"canonical":"https:\/\/elconsentimiento.com\/blog\/2020\/04\/21\/implicaciones-legales-profesional-medico-en-materia-proteccion-datos\/","og_locale":"es_ES","og_type":"article","og_title":"Implicaciones legales del profesional m\u00e9dico en materia de protecci\u00f3n de datos, a la hora de obtener el Consentimiento Informado de sus pacientes - El consentimiento informado","og_description":"El consentimiento informado, es uno de los documentos fundamentales que componen la historia cl\u00ednica del paciente, tal y como se establece en el art. 3 de la Ley 41\/2002, de 14 noviembre.","og_url":"https:\/\/elconsentimiento.com\/blog\/2020\/04\/21\/implicaciones-legales-profesional-medico-en-materia-proteccion-datos\/","og_site_name":"El consentimiento informado","article_published_time":"2020-04-21T11:00:00+00:00","article_modified_time":"2020-04-22T15:25:25+00:00","og_image":[{"width":1200,"height":675,"url":"https:\/\/elconsentimiento.com\/blog\/wp-content\/uploads\/2020\/04\/Informacion.jpg","type":"image\/jpeg"}],"author":"Silvia Moya Moyano Abogada en DS Legal Group","twitter_card":"summary_large_image","twitter_misc":{"Escrito por":"Silvia Moya Moyano Abogada en DS Legal Group","Tiempo de lectura":"5 minutos"},"schema":{"@context":"https:\/\/schema.org","@graph":[{"@type":"Article","@id":"https:\/\/elconsentimiento.com\/blog\/2020\/04\/21\/implicaciones-legales-profesional-medico-en-materia-proteccion-datos\/#article","isPartOf":{"@id":"https:\/\/elconsentimiento.com\/blog\/2020\/04\/21\/implicaciones-legales-profesional-medico-en-materia-proteccion-datos\/"},"author":{"name":"Silvia Moya Moyano Abogada en DS Legal Group","@id":"https:\/\/elconsentimiento.com\/blog\/#\/schema\/person\/47aed4b30741de1a534df2c8d98669a6"},"headline":"Implicaciones legales del profesional m\u00e9dico en materia de protecci\u00f3n de datos, a la hora de obtener el Consentimiento Informado de sus pacientes","datePublished":"2020-04-21T11:00:00+00:00","dateModified":"2020-04-22T15:25:25+00:00","mainEntityOfPage":{"@id":"https:\/\/elconsentimiento.com\/blog\/2020\/04\/21\/implicaciones-legales-profesional-medico-en-materia-proteccion-datos\/"},"wordCount":1032,"commentCount":0,"publisher":{"@id":"https:\/\/elconsentimiento.com\/blog\/#organization"},"image":{"@id":"https:\/\/elconsentimiento.com\/blog\/2020\/04\/21\/implicaciones-legales-profesional-medico-en-materia-proteccion-datos\/#primaryimage"},"thumbnailUrl":"https:\/\/elconsentimiento.com\/blog\/wp-content\/uploads\/2020\/04\/Informacion.jpg","keywords":["Consentimiento Informado","Derecho del paciente","derecho sanitario","Protecci\u00f3n datos","RGPD"],"articleSection":["Cl\u00e1usulas jur\u00eddicas","Derecho sanitario","Procedimientos"],"inLanguage":"es","potentialAction":[{"@type":"CommentAction","name":"Comment","target":["https:\/\/elconsentimiento.com\/blog\/2020\/04\/21\/implicaciones-legales-profesional-medico-en-materia-proteccion-datos\/#respond"]}]},{"@type":"WebPage","@id":"https:\/\/elconsentimiento.com\/blog\/2020\/04\/21\/implicaciones-legales-profesional-medico-en-materia-proteccion-datos\/","url":"https:\/\/elconsentimiento.com\/blog\/2020\/04\/21\/implicaciones-legales-profesional-medico-en-materia-proteccion-datos\/","name":"Implicaciones legales del profesional m\u00e9dico en materia de protecci\u00f3n de datos, a la hora de obtener el Consentimiento Informado de sus pacientes - El consentimiento informado","isPartOf":{"@id":"https:\/\/elconsentimiento.com\/blog\/#website"},"primaryImageOfPage":{"@id":"https:\/\/elconsentimiento.com\/blog\/2020\/04\/21\/implicaciones-legales-profesional-medico-en-materia-proteccion-datos\/#primaryimage"},"image":{"@id":"https:\/\/elconsentimiento.com\/blog\/2020\/04\/21\/implicaciones-legales-profesional-medico-en-materia-proteccion-datos\/#primaryimage"},"thumbnailUrl":"https:\/\/elconsentimiento.com\/blog\/wp-content\/uploads\/2020\/04\/Informacion.jpg","datePublished":"2020-04-21T11:00:00+00:00","dateModified":"2020-04-22T15:25:25+00:00","breadcrumb":{"@id":"https:\/\/elconsentimiento.com\/blog\/2020\/04\/21\/implicaciones-legales-profesional-medico-en-materia-proteccion-datos\/#breadcrumb"},"inLanguage":"es","potentialAction":[{"@type":"ReadAction","target":["https:\/\/elconsentimiento.com\/blog\/2020\/04\/21\/implicaciones-legales-profesional-medico-en-materia-proteccion-datos\/"]}]},{"@type":"ImageObject","inLanguage":"es","@id":"https:\/\/elconsentimiento.com\/blog\/2020\/04\/21\/implicaciones-legales-profesional-medico-en-materia-proteccion-datos\/#primaryimage","url":"https:\/\/elconsentimiento.com\/blog\/wp-content\/uploads\/2020\/04\/Informacion.jpg","contentUrl":"https:\/\/elconsentimiento.com\/blog\/wp-content\/uploads\/2020\/04\/Informacion.jpg","width":1200,"height":675,"caption":"Informanado al paciente"},{"@type":"BreadcrumbList","@id":"https:\/\/elconsentimiento.com\/blog\/2020\/04\/21\/implicaciones-legales-profesional-medico-en-materia-proteccion-datos\/#breadcrumb","itemListElement":[{"@type":"ListItem","position":1,"name":"Portada","item":"https:\/\/elconsentimiento.com\/blog\/"},{"@type":"ListItem","position":2,"name":"Implicaciones legales del profesional m\u00e9dico en materia de protecci\u00f3n de datos, a la hora de obtener el Consentimiento Informado de sus pacientes"}]},{"@type":"WebSite","@id":"https:\/\/elconsentimiento.com\/blog\/#website","url":"https:\/\/elconsentimiento.com\/blog\/","name":"El consentimiento informado","description":"ElConsentimiento","publisher":{"@id":"https:\/\/elconsentimiento.com\/blog\/#organization"},"potentialAction":[{"@type":"SearchAction","target":{"@type":"EntryPoint","urlTemplate":"https:\/\/elconsentimiento.com\/blog\/?s={search_term_string}"},"query-input":{"@type":"PropertyValueSpecification","valueRequired":true,"valueName":"search_term_string"}}],"inLanguage":"es"},{"@type":"Organization","@id":"https:\/\/elconsentimiento.com\/blog\/#organization","name":"El consentimiento informado","url":"https:\/\/elconsentimiento.com\/blog\/","logo":{"@type":"ImageObject","inLanguage":"es","@id":"https:\/\/elconsentimiento.com\/blog\/#\/schema\/logo\/image\/","url":"https:\/\/elconsentimiento.com\/blog\/wp-content\/uploads\/2025\/06\/logo-ELCI.png","contentUrl":"https:\/\/elconsentimiento.com\/blog\/wp-content\/uploads\/2025\/06\/logo-ELCI.png","width":264,"height":76,"caption":"El consentimiento informado"},"image":{"@id":"https:\/\/elconsentimiento.com\/blog\/#\/schema\/logo\/image\/"},"sameAs":["https:\/\/www.linkedin.com\/company\/elconsentimiento-com"]},{"@type":"Person","@id":"https:\/\/elconsentimiento.com\/blog\/#\/schema\/person\/47aed4b30741de1a534df2c8d98669a6","name":"Silvia Moya Moyano Abogada en DS Legal Group","image":{"@type":"ImageObject","inLanguage":"es","@id":"https:\/\/elconsentimiento.com\/blog\/#\/schema\/person\/image\/","url":"https:\/\/secure.gravatar.com\/avatar\/3da18445d043eeb74bea0a140ae116b1e2fdbbdfc7df733ca819cd82565e03c7?s=96&d=mm&r=g","contentUrl":"https:\/\/secure.gravatar.com\/avatar\/3da18445d043eeb74bea0a140ae116b1e2fdbbdfc7df733ca819cd82565e03c7?s=96&d=mm&r=g","caption":"Silvia Moya Moyano Abogada en DS Legal Group"},"url":"https:\/\/elconsentimiento.com\/blog\/author\/silviamoya\/"}]}},"_links":{"self":[{"href":"https:\/\/elconsentimiento.com\/blog\/wp-json\/wp\/v2\/posts\/2443","targetHints":{"allow":["GET"]}}],"collection":[{"href":"https:\/\/elconsentimiento.com\/blog\/wp-json\/wp\/v2\/posts"}],"about":[{"href":"https:\/\/elconsentimiento.com\/blog\/wp-json\/wp\/v2\/types\/post"}],"author":[{"embeddable":true,"href":"https:\/\/elconsentimiento.com\/blog\/wp-json\/wp\/v2\/users\/8"}],"replies":[{"embeddable":true,"href":"https:\/\/elconsentimiento.com\/blog\/wp-json\/wp\/v2\/comments?post=2443"}],"version-history":[{"count":6,"href":"https:\/\/elconsentimiento.com\/blog\/wp-json\/wp\/v2\/posts\/2443\/revisions"}],"predecessor-version":[{"id":2541,"href":"https:\/\/elconsentimiento.com\/blog\/wp-json\/wp\/v2\/posts\/2443\/revisions\/2541"}],"wp:featuredmedia":[{"embeddable":true,"href":"https:\/\/elconsentimiento.com\/blog\/wp-json\/wp\/v2\/media\/2342"}],"wp:attachment":[{"href":"https:\/\/elconsentimiento.com\/blog\/wp-json\/wp\/v2\/media?parent=2443"}],"wp:term":[{"taxonomy":"category","embeddable":true,"href":"https:\/\/elconsentimiento.com\/blog\/wp-json\/wp\/v2\/categories?post=2443"},{"taxonomy":"post_tag","embeddable":true,"href":"https:\/\/elconsentimiento.com\/blog\/wp-json\/wp\/v2\/tags?post=2443"}],"curies":[{"name":"wp","href":"https:\/\/api.w.org\/{rel}","templated":true}]}}